{"id":218,"date":"2016-06-16T16:19:46","date_gmt":"2016-06-16T14:19:46","guid":{"rendered":"http:\/\/lesdestinataireseclaires.fr\/?p=218"},"modified":"2016-10-17T17:00:18","modified_gmt":"2016-10-17T15:00:18","slug":"marie-helene-lafon","status":"publish","type":"post","link":"https:\/\/lesdestinataireseclaires.fr\/?p=218","title":{"rendered":"Marie-H\u00e9l\u00e8ne LAFON"},"content":{"rendered":"<p>\u00ab\u00a0J&rsquo;ai en bouche le go\u00fbt des chemins, go\u00fbt de soir mouill\u00e9, d&rsquo;air cuit de soleil, go\u00fbt de neige, quand elle va venir, quand elle est venue, quand elle est l\u00e0, qui comble le chemin, le rempli, le d\u00e9borde. le chemin ressurgira, au temps doux, restitu\u00e9, lav\u00e9, \u00e9quarri. toujours les chemins reviennent \u00e0 eux, nous reviennent, donn\u00e9s, ouverts\u00a0\u00bb<\/p>\n<p>Marie-H\u00e9l\u00e8ne LAFON in \u00ab\u00a0Album\u00a0\u00bb, Editions Buchet-Chastel, pages 33 et 34 du texte \u00ab\u00a0Chemins\u00a0\u00bb<\/p>\n<p>J&rsquo;ai d\u00e9couvert cette auteure par hasard, en achetant un de ses livres par pure impulsion, pour la couverture, que voici :<\/p>\n<p><img decoding=\"async\" src=\"http:\/\/www.folio-lesite.fr\/var\/storage\/images\/product\/b8f\/product_9782070464920_195x320.jpg\" alt=\"Afficher l'image d'origine\" \/><\/p>\n<p>La photo m&rsquo;a fait penser \u00e0 mon grand-p\u00e8re, il s&rsquo;appelait Joseph. Il venait de la terre, aussi.<\/p>\n<p>Je vous en dirai davantage, plus tard.<\/p>\n","protected":false},"excerpt":{"rendered":"<p>\u00ab\u00a0J&rsquo;ai en bouche le go\u00fbt des chemins, go\u00fbt de soir mouill\u00e9, d&rsquo;air cuit de soleil, go\u00fbt de neige, quand elle va venir, quand elle est venue, quand elle est l\u00e0, qui comble le chemin, le rempli, le d\u00e9borde. le chemin ressurgira, au temps doux, restitu\u00e9, lav\u00e9, \u00e9quarri. toujours les chemins reviennent \u00e0 eux, nous reviennent, donn\u00e9s, ouverts\u00a0\u00bb Marie-H\u00e9l\u00e8ne LAFON in \u00ab\u00a0Album\u00a0\u00bb, Editions Buchet-Chastel, pages 33 et 34 du texte \u00ab\u00a0Chemins\u00a0\u00bb J&rsquo;ai d\u00e9couvert cette auteure par hasard, en achetant un de&#8230;<\/p>\n<p class=\"read-more\"><a class=\"btn btn-default\" href=\"https:\/\/lesdestinataireseclaires.fr\/?p=218\">Lire la suite<span class=\"screen-reader-text\"> Lire la suite<\/span><\/a><\/p>\n","protected":false},"author":1,"featured_media":0,"comment_status":"open","ping_status":"open","sticky":false,"template":"","format":"standard","meta":{"om_disable_all_campaigns":false,"_monsterinsights_skip_tracking":false,"_monsterinsights_sitenote_active":false,"_monsterinsights_sitenote_note":"","_monsterinsights_sitenote_category":0,"footnotes":""},"categories":[7],"tags":[],"class_list":["post-218","post","type-post","status-publish","format-standard","hentry","category-litterature"],"_links":{"self":[{"href":"https:\/\/lesdestinataireseclaires.fr\/index.php?rest_route=\/wp\/v2\/posts\/218","targetHints":{"allow":["GET"]}}],"collection":[{"href":"https:\/\/lesdestinataireseclaires.fr\/index.php?rest_route=\/wp\/v2\/posts"}],"about":[{"href":"https:\/\/lesdestinataireseclaires.fr\/index.php?rest_route=\/wp\/v2\/types\/post"}],"author":[{"embeddable":true,"href":"https:\/\/lesdestinataireseclaires.fr\/index.php?rest_route=\/wp\/v2\/users\/1"}],"replies":[{"embeddable":true,"href":"https:\/\/lesdestinataireseclaires.fr\/index.php?rest_route=%2Fwp%2Fv2%2Fcomments&post=218"}],"version-history":[{"count":1,"href":"https:\/\/lesdestinataireseclaires.fr\/index.php?rest_route=\/wp\/v2\/posts\/218\/revisions"}],"predecessor-version":[{"id":219,"href":"https:\/\/lesdestinataireseclaires.fr\/index.php?rest_route=\/wp\/v2\/posts\/218\/revisions\/219"}],"wp:attachment":[{"href":"https:\/\/lesdestinataireseclaires.fr\/index.php?rest_route=%2Fwp%2Fv2%2Fmedia&parent=218"}],"wp:term":[{"taxonomy":"category","embeddable":true,"href":"https:\/\/lesdestinataireseclaires.fr\/index.php?rest_route=%2Fwp%2Fv2%2Fcategories&post=218"},{"taxonomy":"post_tag","embeddable":true,"href":"https:\/\/lesdestinataireseclaires.fr\/index.php?rest_route=%2Fwp%2Fv2%2Ftags&post=218"}],"curies":[{"name":"wp","href":"https:\/\/api.w.org\/{rel}","templated":true}]}}