{"id":235,"date":"2016-07-13T01:14:05","date_gmt":"2016-07-12T23:14:05","guid":{"rendered":"http:\/\/lesdestinataireseclaires.fr\/?p=235"},"modified":"2016-09-16T13:09:27","modified_gmt":"2016-09-16T11:09:27","slug":"pense-bete","status":"publish","type":"post","link":"https:\/\/lesdestinataireseclaires.fr\/?p=235","title":{"rendered":"Pense-b\u00eate &#8230;"},"content":{"rendered":"<p>Somme de choses dont il me faudra vous parler.<\/p>\n<p>J&rsquo;ai d\u00e9couvert, et donc lu, Marie-H\u00e9l\u00e8ne Lafon, en commen\u00e7ant par son livre intitul\u00e9 \u00ab\u00a0Joseph\u00a0\u00bb&#8230; j&rsquo;ai des tas de choses \u00e0 vous dire \u00e0 son propos, de cette \u00e9crivaine.<\/p>\n<p>Et puis, sur les conseils d&rsquo;une libraire de Lamballe (La C\u00e9dille, tr\u00e8s bonne maison) j&rsquo;ai termin\u00e9 tout \u00e0 l&rsquo;heure \u00ab\u00a0F\u00e9e d&rsquo;hiver\u00a0\u00bb, de l&rsquo;\u00e9crivain-paysan Andr\u00e9 Bucher, presque voisin car install\u00e9 dans la vall\u00e9e du Jabron. J&rsquo;ai \u00e0 dire sur sa po\u00e9sie, ses \u00e9vocations des oiseaux.<\/p>\n<p>Et puis j&rsquo;ai quelques photos \u00e0 vous montrer.<\/p>\n<p>Et puis je suis en retard pour les exercices de l&rsquo;atelier d&rsquo;\u00e9criture de Fran\u00e7ois Bon. Je me suis pris au jeu, mais ce n&rsquo;est que ce matin que l&rsquo;id\u00e9e me venait pour traiter le troisi\u00e8me.<\/p>\n<p>L\u00e0, c&rsquo;est la photo enti\u00e8re, celle de l&rsquo;en-t\u00eate, j&rsquo;arrive pas \u00e0 faire ce que je veux !!<a href=\"http:\/\/lesdestinataireseclaires.fr\/wp-content\/uploads\/2016\/07\/lunettes-e1468364675829.jpg\"><img loading=\"lazy\" decoding=\"async\" class=\"alignleft wp-image-236 size-medium\" src=\"http:\/\/lesdestinataireseclaires.fr\/wp-content\/uploads\/2016\/07\/lunettes-200x300.jpg\" alt=\"lunettes\" width=\"200\" height=\"300\" \/><\/a><\/p>\n","protected":false},"excerpt":{"rendered":"<p>Somme de choses dont il me faudra vous parler. J&rsquo;ai d\u00e9couvert, et donc lu, Marie-H\u00e9l\u00e8ne Lafon, en commen\u00e7ant par son livre intitul\u00e9 \u00ab\u00a0Joseph\u00a0\u00bb&#8230; j&rsquo;ai des tas de choses \u00e0 vous dire \u00e0 son propos, de cette \u00e9crivaine. Et puis, sur les conseils d&rsquo;une libraire de Lamballe (La C\u00e9dille, tr\u00e8s bonne maison) j&rsquo;ai termin\u00e9 tout \u00e0 l&rsquo;heure \u00ab\u00a0F\u00e9e d&rsquo;hiver\u00a0\u00bb, de l&rsquo;\u00e9crivain-paysan Andr\u00e9 Bucher, presque voisin car install\u00e9 dans la vall\u00e9e du Jabron. J&rsquo;ai \u00e0 dire sur sa po\u00e9sie, ses \u00e9vocations des&#8230;<\/p>\n<p class=\"read-more\"><a class=\"btn btn-default\" href=\"https:\/\/lesdestinataireseclaires.fr\/?p=235\">Lire la suite<span class=\"screen-reader-text\"> Lire la suite<\/span><\/a><\/p>\n","protected":false},"author":1,"featured_media":236,"comment_status":"open","ping_status":"open","sticky":false,"template":"","format":"standard","meta":{"om_disable_all_campaigns":false,"_monsterinsights_skip_tracking":false,"_monsterinsights_sitenote_active":false,"_monsterinsights_sitenote_note":"","_monsterinsights_sitenote_category":0,"footnotes":""},"categories":[9],"tags":[],"class_list":["post-235","post","type-post","status-publish","format-standard","has-post-thumbnail","hentry","category-humeur"],"_links":{"self":[{"href":"https:\/\/lesdestinataireseclaires.fr\/index.php?rest_route=\/wp\/v2\/posts\/235","targetHints":{"allow":["GET"]}}],"collection":[{"href":"https:\/\/lesdestinataireseclaires.fr\/index.php?rest_route=\/wp\/v2\/posts"}],"about":[{"href":"https:\/\/lesdestinataireseclaires.fr\/index.php?rest_route=\/wp\/v2\/types\/post"}],"author":[{"embeddable":true,"href":"https:\/\/lesdestinataireseclaires.fr\/index.php?rest_route=\/wp\/v2\/users\/1"}],"replies":[{"embeddable":true,"href":"https:\/\/lesdestinataireseclaires.fr\/index.php?rest_route=%2Fwp%2Fv2%2Fcomments&post=235"}],"version-history":[{"count":3,"href":"https:\/\/lesdestinataireseclaires.fr\/index.php?rest_route=\/wp\/v2\/posts\/235\/revisions"}],"predecessor-version":[{"id":239,"href":"https:\/\/lesdestinataireseclaires.fr\/index.php?rest_route=\/wp\/v2\/posts\/235\/revisions\/239"}],"wp:featuredmedia":[{"embeddable":true,"href":"https:\/\/lesdestinataireseclaires.fr\/index.php?rest_route=\/wp\/v2\/media\/236"}],"wp:attachment":[{"href":"https:\/\/lesdestinataireseclaires.fr\/index.php?rest_route=%2Fwp%2Fv2%2Fmedia&parent=235"}],"wp:term":[{"taxonomy":"category","embeddable":true,"href":"https:\/\/lesdestinataireseclaires.fr\/index.php?rest_route=%2Fwp%2Fv2%2Fcategories&post=235"},{"taxonomy":"post_tag","embeddable":true,"href":"https:\/\/lesdestinataireseclaires.fr\/index.php?rest_route=%2Fwp%2Fv2%2Ftags&post=235"}],"curies":[{"name":"wp","href":"https:\/\/api.w.org\/{rel}","templated":true}]}}