{"id":551,"date":"2018-06-25T21:48:24","date_gmt":"2018-06-25T19:48:24","guid":{"rendered":"http:\/\/lesdestinataireseclaires.fr\/?p=551"},"modified":"2018-06-25T21:48:24","modified_gmt":"2018-06-25T19:48:24","slug":"vingt-cinquieme-juin","status":"publish","type":"post","link":"https:\/\/lesdestinataireseclaires.fr\/?p=551","title":{"rendered":"Vingt-cinqui\u00e8me Juin"},"content":{"rendered":"<p>Je ne l&rsquo;avais pas remarqu\u00e9e, la fleur blanche du petit magnolia, tranquillement pos\u00e9e au sommet de sa branche. Pourtant elle en impose et ce blanc puissant et soutenu ne laisse pas indiff\u00e9rent. D&rsquo;ailleurs, bestioles et abeilles se pr\u00e9cipitent, et je me dis qu&rsquo;une petite photo sera une illustration pour ce vingt-cinqui\u00e8me article. D&rsquo;autant que le pr\u00e9c\u00e9dent \u00e9tait plut\u00f4t fam\u00e9lique. Un mot, trois points, c&rsquo;\u00e9tait tout. Je sors mon t\u00e9l\u00e9phone de ma poche, et fais une photo, un peu \u00e0 l&rsquo;aveugle \u00e0 cause du soleil, et puis la fleur est bien plus haute que moi et j&rsquo;ai donc tendu les bras au dessus sans bien pouvoir cadrer! Voil\u00e0 ce que \u00e7a donne.<\/p>\n<p>C&rsquo;est pas terrible, mais quelle surprise de voir ces \u00e9tamines (c&rsquo;est \u00e7a les \u00e9tamines, non? souvenir de lointains cours de biologie, ou de le\u00e7ons de choses, plus anciennes encore) Comme des allumettes, comme un petit tas d&rsquo;allumettes, j&rsquo;ai trouv\u00e9 \u00e7a vraiment curieux, ces \u00e9tamines qui mettent la t\u00eate des abeilles en feu.<\/p>\n<p><a href=\"http:\/\/lesdestinataireseclaires.fr\/wp-content\/uploads\/2018\/06\/Allumettes-magnolia.jpg\"><img loading=\"lazy\" decoding=\"async\" class=\"alignleft wp-image-554 size-thumbnail\" src=\"http:\/\/lesdestinataireseclaires.fr\/wp-content\/uploads\/2018\/06\/Allumettes-magnolia-150x150.jpg\" alt=\"\" width=\"150\" height=\"150\" \/><\/a> <a href=\"http:\/\/lesdestinataireseclaires.fr\/wp-content\/uploads\/2018\/06\/magnolia-.jpg\"><img loading=\"lazy\" decoding=\"async\" class=\"alignleft wp-image-552 size-thumbnail\" src=\"http:\/\/lesdestinataireseclaires.fr\/wp-content\/uploads\/2018\/06\/magnolia--150x150.jpg\" alt=\"\" width=\"150\" height=\"150\" \/><\/a><\/p>\n<p>&nbsp;<\/p>\n<p>&nbsp;<\/p>\n<p>&nbsp;<\/p>\n<p>&nbsp;<\/p>\n<p>&nbsp;<\/p>\n<p>J&rsquo;avais d\u00e9j\u00e0 id\u00e9e d&rsquo;\u00e9voquer les fleurs il y a quelques jours lorsque j&rsquo;envoyais une carte postale \u00e0 une amie, elle-m\u00eame sorte de botaniste, hors ces po\u00e8mes si beaux. Une vue du col de Mance, dans les Hautes-Alpes, avec champs de marguerites \u00e0 l&rsquo;avant plan. C&rsquo;est un d\u00e9partement que j&rsquo;ai arpent\u00e9 de long en large, sans jamais m&rsquo;en lasser, pendant des ann\u00e9es. toujours ce plaisir d&rsquo;y voir, mieux qu&rsquo;ailleurs, passer les saisons. L&rsquo;attente de la fin de l&rsquo;hiver, \u00e0 partir d&rsquo;avril, est un sport local. Faut dire qu&rsquo;aux premi\u00e8res neiges d&rsquo;octobre, on se dit \u00e7a y est, il est l\u00e0 le long hiver. Je ne restais sur place que trois jours au plus, pour redescendre sur Marseille ensuite. Donc je ne connaissais pas cette inqui\u00e9tude. Mais d\u00e8s que je passais le r\u00e9tr\u00e9cissement de Sisteron, je me savais bient\u00f4t ailleurs, en prenant la route pour contourner Gap par Tallard. Ensuite, la mont\u00e9e en douceur par les bas des vall\u00e9es et les rocs autour qui, de plus en plus vous enserrent \u00e0 force de hauteurs qu&rsquo;ils d\u00e9ploient. La montagne vertigineuse et magnifique, de flancs de sapins, d&rsquo;improbables chalets dont on ne devine jamais le chemin d&rsquo;acc\u00e8s. Pl\u00e9nitude tranquille, calme profond. Il n&rsquo;y manquerait que la mer.<\/p>\n<p><a href=\"http:\/\/lesdestinataireseclaires.fr\/wp-content\/uploads\/2018\/06\/col-de-manse-e1529955830837.jpg\"><img loading=\"lazy\" decoding=\"async\" class=\"alignleft size-medium wp-image-546\" src=\"http:\/\/lesdestinataireseclaires.fr\/wp-content\/uploads\/2018\/06\/col-de-manse-e1529955830837-300x225.jpg\" alt=\"\" width=\"300\" height=\"225\" srcset=\"https:\/\/lesdestinataireseclaires.fr\/wp-content\/uploads\/2018\/06\/col-de-manse-e1529955830837-300x225.jpg 300w, https:\/\/lesdestinataireseclaires.fr\/wp-content\/uploads\/2018\/06\/col-de-manse-e1529955830837-768x576.jpg 768w, https:\/\/lesdestinataireseclaires.fr\/wp-content\/uploads\/2018\/06\/col-de-manse-e1529955830837-1024x768.jpg 1024w, https:\/\/lesdestinataireseclaires.fr\/wp-content\/uploads\/2018\/06\/col-de-manse-e1529955830837-360x270.jpg 360w\" sizes=\"auto, (max-width: 300px) 100vw, 300px\" \/><\/a><\/p>\n<p>&nbsp;<\/p>\n","protected":false},"excerpt":{"rendered":"<p>Je ne l&rsquo;avais pas remarqu\u00e9e, la fleur blanche du petit magnolia, tranquillement pos\u00e9e au sommet de sa branche. Pourtant elle en impose et ce blanc puissant et soutenu ne laisse pas indiff\u00e9rent. D&rsquo;ailleurs, bestioles et abeilles se pr\u00e9cipitent, et je me dis qu&rsquo;une petite photo sera une illustration pour ce vingt-cinqui\u00e8me article. D&rsquo;autant que le pr\u00e9c\u00e9dent \u00e9tait plut\u00f4t fam\u00e9lique. Un mot, trois points, c&rsquo;\u00e9tait tout. Je sors mon t\u00e9l\u00e9phone de ma poche, et fais une photo, un peu \u00e0 l&rsquo;aveugle&#8230;<\/p>\n<p class=\"read-more\"><a class=\"btn btn-default\" href=\"https:\/\/lesdestinataireseclaires.fr\/?p=551\">Lire la suite<span class=\"screen-reader-text\"> Lire la suite<\/span><\/a><\/p>\n","protected":false},"author":1,"featured_media":546,"comment_status":"open","ping_status":"open","sticky":false,"template":"","format":"standard","meta":{"om_disable_all_campaigns":false,"_monsterinsights_skip_tracking":false,"_monsterinsights_sitenote_active":false,"_monsterinsights_sitenote_note":"","_monsterinsights_sitenote_category":0,"footnotes":""},"categories":[9],"tags":[],"class_list":["post-551","post","type-post","status-publish","format-standard","has-post-thumbnail","hentry","category-humeur"],"_links":{"self":[{"href":"https:\/\/lesdestinataireseclaires.fr\/index.php?rest_route=\/wp\/v2\/posts\/551","targetHints":{"allow":["GET"]}}],"collection":[{"href":"https:\/\/lesdestinataireseclaires.fr\/index.php?rest_route=\/wp\/v2\/posts"}],"about":[{"href":"https:\/\/lesdestinataireseclaires.fr\/index.php?rest_route=\/wp\/v2\/types\/post"}],"author":[{"embeddable":true,"href":"https:\/\/lesdestinataireseclaires.fr\/index.php?rest_route=\/wp\/v2\/users\/1"}],"replies":[{"embeddable":true,"href":"https:\/\/lesdestinataireseclaires.fr\/index.php?rest_route=%2Fwp%2Fv2%2Fcomments&post=551"}],"version-history":[{"count":2,"href":"https:\/\/lesdestinataireseclaires.fr\/index.php?rest_route=\/wp\/v2\/posts\/551\/revisions"}],"predecessor-version":[{"id":555,"href":"https:\/\/lesdestinataireseclaires.fr\/index.php?rest_route=\/wp\/v2\/posts\/551\/revisions\/555"}],"wp:featuredmedia":[{"embeddable":true,"href":"https:\/\/lesdestinataireseclaires.fr\/index.php?rest_route=\/wp\/v2\/media\/546"}],"wp:attachment":[{"href":"https:\/\/lesdestinataireseclaires.fr\/index.php?rest_route=%2Fwp%2Fv2%2Fmedia&parent=551"}],"wp:term":[{"taxonomy":"category","embeddable":true,"href":"https:\/\/lesdestinataireseclaires.fr\/index.php?rest_route=%2Fwp%2Fv2%2Fcategories&post=551"},{"taxonomy":"post_tag","embeddable":true,"href":"https:\/\/lesdestinataireseclaires.fr\/index.php?rest_route=%2Fwp%2Fv2%2Ftags&post=551"}],"curies":[{"name":"wp","href":"https:\/\/api.w.org\/{rel}","templated":true}]}}