{"id":742,"date":"2020-04-23T12:13:11","date_gmt":"2020-04-23T10:13:11","guid":{"rendered":"http:\/\/lesdestinataireseclaires.fr\/?p=742"},"modified":"2020-04-23T12:13:11","modified_gmt":"2020-04-23T10:13:11","slug":"bientot-un-demi-siecle","status":"publish","type":"post","link":"https:\/\/lesdestinataireseclaires.fr\/?p=742","title":{"rendered":"Bient\u00f4t un demi si\u00e8cle&#8230;"},"content":{"rendered":"\n<p>que cette vid\u00e9o a \u00e9t\u00e9 capt\u00e9e. Encore le hasard des p\u00e9r\u00e9grinations sur la toile qui me fait tomber l\u00e0-dessus. Bon, vous savez l&rsquo;estime dans laquelle je tiens le Glenn pas besoin d&rsquo;y revenir. Donc c&rsquo;est plut\u00f4t sur la vid\u00e9o que je m&rsquo;attarderais. Bient\u00f4t 50 ans que c&rsquo;\u00e9tait fait et c&rsquo;est&#8230; d&rsquo;un vieillot, ce truc!! Le plan fixe face au chef, ahah. Et puis, \u00e0 les voir pour la plupart si grassouillets, les musiciens (peu de femmes mais bien choucrout\u00e9es des cheveux) j&rsquo;imagine que la cantine \u00e9tait bonne. J\u2019arr\u00eate l\u00e0, Beethoven , c&rsquo;est pas mon truc. Mon voisin et ami Anglais, Georges, d\u00e9teste Bach&#8230; \u00e0 nous deux, on fait la paire.<\/p>\n\n\n\n<figure class=\"wp-block-embed-youtube wp-block-embed is-type-video is-provider-youtube wp-embed-aspect-16-9 wp-has-aspect-ratio\"><div class=\"wp-block-embed__wrapper\">\n<iframe loading=\"lazy\" title=\"Glenn Gould - Beethoven, Concerto No. 5 in E-flat major op.73 &quot;Emperor&quot; - Part 1 (OFFICIAL)\" width=\"640\" height=\"360\" src=\"https:\/\/www.youtube.com\/embed\/kpz_U8wHpa8?feature=oembed\" frameborder=\"0\" allow=\"accelerometer; autoplay; clipboard-write; encrypted-media; gyroscope; picture-in-picture; web-share\" referrerpolicy=\"strict-origin-when-cross-origin\" allowfullscreen><\/iframe>\n<\/div><\/figure>\n\n\n\n<p><\/p>\n","protected":false},"excerpt":{"rendered":"<p>que cette vid\u00e9o a \u00e9t\u00e9 capt\u00e9e. Encore le hasard des p\u00e9r\u00e9grinations sur la toile qui me fait tomber l\u00e0-dessus. Bon, vous savez l&rsquo;estime dans laquelle je tiens le Glenn pas besoin d&rsquo;y revenir. Donc c&rsquo;est plut\u00f4t sur la vid\u00e9o que je m&rsquo;attarderais. Bient\u00f4t 50 ans que c&rsquo;\u00e9tait fait et c&rsquo;est&#8230; d&rsquo;un vieillot, ce truc!! Le plan fixe face au chef, ahah. Et puis, \u00e0 les voir pour la plupart si grassouillets, les musiciens (peu de femmes mais bien choucrout\u00e9es des&#8230;<\/p>\n<p class=\"read-more\"><a class=\"btn btn-default\" href=\"https:\/\/lesdestinataireseclaires.fr\/?p=742\">Lire la suite<span class=\"screen-reader-text\"> Lire la suite<\/span><\/a><\/p>\n","protected":false},"author":1,"featured_media":0,"comment_status":"open","ping_status":"open","sticky":false,"template":"","format":"standard","meta":{"om_disable_all_campaigns":false,"_monsterinsights_skip_tracking":false,"_monsterinsights_sitenote_active":false,"_monsterinsights_sitenote_note":"","_monsterinsights_sitenote_category":0,"footnotes":""},"categories":[8],"tags":[],"class_list":["post-742","post","type-post","status-publish","format-standard","hentry","category-musique"],"_links":{"self":[{"href":"https:\/\/lesdestinataireseclaires.fr\/index.php?rest_route=\/wp\/v2\/posts\/742","targetHints":{"allow":["GET"]}}],"collection":[{"href":"https:\/\/lesdestinataireseclaires.fr\/index.php?rest_route=\/wp\/v2\/posts"}],"about":[{"href":"https:\/\/lesdestinataireseclaires.fr\/index.php?rest_route=\/wp\/v2\/types\/post"}],"author":[{"embeddable":true,"href":"https:\/\/lesdestinataireseclaires.fr\/index.php?rest_route=\/wp\/v2\/users\/1"}],"replies":[{"embeddable":true,"href":"https:\/\/lesdestinataireseclaires.fr\/index.php?rest_route=%2Fwp%2Fv2%2Fcomments&post=742"}],"version-history":[{"count":1,"href":"https:\/\/lesdestinataireseclaires.fr\/index.php?rest_route=\/wp\/v2\/posts\/742\/revisions"}],"predecessor-version":[{"id":743,"href":"https:\/\/lesdestinataireseclaires.fr\/index.php?rest_route=\/wp\/v2\/posts\/742\/revisions\/743"}],"wp:attachment":[{"href":"https:\/\/lesdestinataireseclaires.fr\/index.php?rest_route=%2Fwp%2Fv2%2Fmedia&parent=742"}],"wp:term":[{"taxonomy":"category","embeddable":true,"href":"https:\/\/lesdestinataireseclaires.fr\/index.php?rest_route=%2Fwp%2Fv2%2Fcategories&post=742"},{"taxonomy":"post_tag","embeddable":true,"href":"https:\/\/lesdestinataireseclaires.fr\/index.php?rest_route=%2Fwp%2Fv2%2Ftags&post=742"}],"curies":[{"name":"wp","href":"https:\/\/api.w.org\/{rel}","templated":true}]}}