{"id":821,"date":"2026-01-31T22:08:17","date_gmt":"2026-01-31T20:08:17","guid":{"rendered":"https:\/\/lesdestinataireseclaires.fr\/?p=821"},"modified":"2026-01-31T22:08:17","modified_gmt":"2026-01-31T20:08:17","slug":"voeux-26-du-dernier-jour-de-janvier","status":"publish","type":"post","link":"https:\/\/lesdestinataireseclaires.fr\/?p=821","title":{"rendered":"V\u0153ux 26 du dernier jour de janvier"},"content":{"rendered":"\n<p>Il est temps, c\u2019est le dernier moment, l\u2019instant ultime pour vous pr\u00e9senter nos v\u0153ux, la Comtesse et moi. C\u2019est \u00e0 dire que tout le mois, nous \u00e9tions dans l\u2019expectative ( Attente fond\u00e9e sur des promesses ou des probabilit\u00e9s ). Nous attendons l\u2019arriv\u00e9e d\u2019une petite merveille qui prend son temps, du c\u00f4t\u00e9 de Marseille&nbsp;!<\/p>\n\n\n\n<p>Je voulais faire un peu d\u2019une pierre deux coups&#8230;hum, mais l\u00e0, c\u2019est plus possible.<\/p>\n\n\n\n<p>Alors, bien que l\u2019\u00e9tat du monde ne pr\u00eate pas \u00e0 sourire, n\u2019encourage pas aux bons v\u0153ux de paix et de concorde, comme dirait le Pape&nbsp;!! Le monde, nous y sommes au monde. Mais Dieu merci (c\u2019est pour continuer dans le registre papal et religieux ), m\u00eame si je doute qu\u2019il y soit pour quelque chose, nous sommes dans un tout petit coin de ce monde, recul\u00e9, \u00e9loign\u00e9 avec la sensation d\u2019\u00eatre \u00e0 l\u2019abri, un peu, de je ne sais pas trop quoi. Nous sommes dans un endroit paisible, \u00e0 l\u2019\u00e9cart, comme qui dirait, au loin.<\/p>\n\n\n\n<p>C\u2019est de l\u00e0 que nous vous souhaitons une belle et douce ann\u00e9e. Que les matins vous soient legers apr\u00e8s des nuits apaisantes. Que les jours soient remplies de belles activit\u00e9s, avec le temps pour que vous fassiez au mieux ce que vous avez \u00e0 faire, vous laissant quelque fois justement le temps de ne rien faire. Que les soir\u00e9es soient baign\u00e9es d\u2019une lumi\u00e8re chaude d\u2019un soleil rasant quand on prend le frais sur la terrasse, l\u2019\u00e9t\u00e9 des journ\u00e9es trop chaudes.<\/p>\n\n\n\n<p>Sant\u00e9, joie, bonheur&#8230; et patati et patata. Remplissez votre petit panier de ce que vous voulez mais surtout, sous toutes les latitudes, sous tous les cieux, soyez heureux, joyeux. Affectueux avec les faibles et intransigeants avec les forts.<\/p>\n\n\n\n<p>Nos baisers.<\/p>\n","protected":false},"excerpt":{"rendered":"<p>Il est temps, c\u2019est le dernier moment, l\u2019instant ultime pour vous pr\u00e9senter nos v\u0153ux, la Comtesse et moi. C\u2019est \u00e0 dire que tout le mois, nous \u00e9tions dans l\u2019expectative ( Attente fond\u00e9e sur des promesses ou des probabilit\u00e9s ). Nous attendons l\u2019arriv\u00e9e d\u2019une petite merveille qui prend son temps, du c\u00f4t\u00e9 de Marseille&nbsp;! Je voulais faire un peu d\u2019une pierre deux coups&#8230;hum, mais l\u00e0, c\u2019est plus possible. Alors, bien que l\u2019\u00e9tat du monde ne pr\u00eate pas \u00e0 sourire, n\u2019encourage pas&#8230;<\/p>\n<p class=\"read-more\"><a class=\"btn btn-default\" href=\"https:\/\/lesdestinataireseclaires.fr\/?p=821\">Lire la suite<span class=\"screen-reader-text\"> Lire la suite<\/span><\/a><\/p>\n","protected":false},"author":1,"featured_media":0,"comment_status":"open","ping_status":"open","sticky":false,"template":"","format":"standard","meta":{"om_disable_all_campaigns":false,"_monsterinsights_skip_tracking":false,"_monsterinsights_sitenote_active":false,"_monsterinsights_sitenote_note":"","_monsterinsights_sitenote_category":0,"footnotes":""},"categories":[1],"tags":[],"class_list":["post-821","post","type-post","status-publish","format-standard","hentry","category-non-classe"],"_links":{"self":[{"href":"https:\/\/lesdestinataireseclaires.fr\/index.php?rest_route=\/wp\/v2\/posts\/821","targetHints":{"allow":["GET"]}}],"collection":[{"href":"https:\/\/lesdestinataireseclaires.fr\/index.php?rest_route=\/wp\/v2\/posts"}],"about":[{"href":"https:\/\/lesdestinataireseclaires.fr\/index.php?rest_route=\/wp\/v2\/types\/post"}],"author":[{"embeddable":true,"href":"https:\/\/lesdestinataireseclaires.fr\/index.php?rest_route=\/wp\/v2\/users\/1"}],"replies":[{"embeddable":true,"href":"https:\/\/lesdestinataireseclaires.fr\/index.php?rest_route=%2Fwp%2Fv2%2Fcomments&post=821"}],"version-history":[{"count":1,"href":"https:\/\/lesdestinataireseclaires.fr\/index.php?rest_route=\/wp\/v2\/posts\/821\/revisions"}],"predecessor-version":[{"id":822,"href":"https:\/\/lesdestinataireseclaires.fr\/index.php?rest_route=\/wp\/v2\/posts\/821\/revisions\/822"}],"wp:attachment":[{"href":"https:\/\/lesdestinataireseclaires.fr\/index.php?rest_route=%2Fwp%2Fv2%2Fmedia&parent=821"}],"wp:term":[{"taxonomy":"category","embeddable":true,"href":"https:\/\/lesdestinataireseclaires.fr\/index.php?rest_route=%2Fwp%2Fv2%2Fcategories&post=821"},{"taxonomy":"post_tag","embeddable":true,"href":"https:\/\/lesdestinataireseclaires.fr\/index.php?rest_route=%2Fwp%2Fv2%2Ftags&post=821"}],"curies":[{"name":"wp","href":"https:\/\/api.w.org\/{rel}","templated":true}]}}